{"id":5,"date":"2011-04-11T19:50:34","date_gmt":"2011-04-11T19:50:34","guid":{"rendered":"http:\/\/www.der-vogel.net\/?p=5"},"modified":"2011-04-11T19:50:34","modified_gmt":"2011-04-11T19:50:34","slug":"guten-tag","status":"publish","type":"post","link":"http:\/\/www.der-vogel.net\/?p=5","title":{"rendered":"Guten Tag!"},"content":{"rendered":"<p>Auf die Schnelle hab ich mal alles gel\u00f6scht was da war und ein WordPress installiert.<\/p>\n<p>Gr\u00fc\u00dfe<br \/>\nStefan<\/p>\n","protected":false},"excerpt":{"rendered":"<p>Auf die Schnelle hab ich mal alles gel\u00f6scht was da war und ein WordPress installiert. Gr\u00fc\u00dfe Stefan<\/p>\n","protected":false},"author":1,"featured_media":0,"comment_status":"open","ping_status":"open","sticky":false,"template":"","format":"standard","meta":{"_monsterinsights_skip_tracking":false,"_monsterinsights_sitenote_active":false,"_monsterinsights_sitenote_note":"","_monsterinsights_sitenote_category":0,"footnotes":""},"categories":[3],"tags":[],"_links":{"self":[{"href":"http:\/\/www.der-vogel.net\/index.php?rest_route=\/wp\/v2\/posts\/5"}],"collection":[{"href":"http:\/\/www.der-vogel.net\/index.php?rest_route=\/wp\/v2\/posts"}],"about":[{"href":"http:\/\/www.der-vogel.net\/index.php?rest_route=\/wp\/v2\/types\/post"}],"author":[{"embeddable":true,"href":"http:\/\/www.der-vogel.net\/index.php?rest_route=\/wp\/v2\/users\/1"}],"replies":[{"embeddable":true,"href":"http:\/\/www.der-vogel.net\/index.php?rest_route=%2Fwp%2Fv2%2Fcomments&post=5"}],"version-history":[{"count":3,"href":"http:\/\/www.der-vogel.net\/index.php?rest_route=\/wp\/v2\/posts\/5\/revisions"}],"predecessor-version":[{"id":8,"href":"http:\/\/www.der-vogel.net\/index.php?rest_route=\/wp\/v2\/posts\/5\/revisions\/8"}],"wp:attachment":[{"href":"http:\/\/www.der-vogel.net\/index.php?rest_route=%2Fwp%2Fv2%2Fmedia&parent=5"}],"wp:term":[{"taxonomy":"category","embeddable":true,"href":"http:\/\/www.der-vogel.net\/index.php?rest_route=%2Fwp%2Fv2%2Fcategories&post=5"},{"taxonomy":"post_tag","embeddable":true,"href":"http:\/\/www.der-vogel.net\/index.php?rest_route=%2Fwp%2Fv2%2Ftags&post=5"}],"curies":[{"name":"wp","href":"https:\/\/api.w.org\/{rel}","templated":true}]}}