{"id":497,"date":"2015-10-02T20:56:24","date_gmt":"2015-10-02T20:56:24","guid":{"rendered":"http:\/\/www.der-vogel.net\/?p=497"},"modified":"2017-10-23T15:01:21","modified_gmt":"2017-10-23T15:01:21","slug":"die-orsons-niemand-hat-die-absicht-zu-chillen","status":"publish","type":"post","link":"http:\/\/www.der-vogel.net\/?p=497","title":{"rendered":"Die Orsons: Niemand hat die Absicht zu chillen."},"content":{"rendered":"<p>F\u00fcr alle die es noch nicht mitbekommen haben: Die Orsons haben ein neues Album ver\u00f6ffentlicht und es ist gro\u00dfartig. Das gute Teil h\u00f6rt auf den Namen &#8222;What&#8217;s Goes?&#8220; und seit M\u00e4rz l\u00e4uft es bei mir in der absoluten Heavy Rotation. Die Qualit\u00e4t der Platte kann man auch daran ablesen das ich beim Durchh\u00f6ren kaum Kandidaten habe die zum Skippen einladen. Logischerweise gibt&#8217;s zur Scheibe auch eine Tour, also hin da.<\/p>\n<p>Die vier Orsons (Bartek, Tua, Kaas und Maeckes) machten am 23.09.2015 im Colos-Saal in Aschaffenburg Halt was ich mir nat\u00fcrlich nicht entgehen lie\u00df. Zur Normalbesetzung boten sie live noch einen Drummer, DJ sowie das Multitalent Tristan Brusch auf, der mit Gesang und verschiedensten Instrumenten unterst\u00fctzend musikalisch zur Seite stand. Ich muss gestehen das ich mich erst nach Ver\u00f6ffentlichung von What&#8217;s Goes mit dem Backcatalog der Orsons auseinander gesetzt habe deswegen war mir manch alte Perle (Leute, h\u00f6rt euch Apfelschnitzschneider an! Bester Song!) die performed wurde g\u00e4nzlich unbekannt. Nat\u00fcrlich wurde aber auch viel Material vom aktuellen Release sowie dem Vorg\u00e4nger &#8222;Das Chaos und die Ordnung&#8220; gespielt. Denn Songs wie &#8222;Schwung in die Kiste&#8220;, &#8222;Tornadowarnung&#8220; oder &#8222;Ventilator&#8220; von &#8222;What&#8217;s goes?&#8220; sind einfach perfekte Banger f\u00fcr die B\u00fchne bei denen die ganze Venue bebt. Das tolle Zusammenspiel von Artwork und Musik versuchen die Jungs ohne gro\u00dfe Mittel auch auf die B\u00fchne zu transferieren. Knallbunt und auf die Zw\u00f6lf kommt es daher, von daher w\u00fcrde ich sagen: Gelungen. Wirklich sch\u00f6n fand ich auch den Tempowechsel als Maeckes ganz allein mit seiner Gitarre f\u00fcr ein paar Songs auf der B\u00fchne stand und einen krassen Kontrast zur restlichen Show bot. Denn die 4 Protagonisten sind \u00e4u\u00dferst unterschiedlich und somit ist f\u00fcr jeden Besucher etwas dabei, denn Humorzentrum, Tr\u00e4nendr\u00fcse, Weltschmerz und Hippietum werden je nachdem getriggered. So verschieden sie auch sind, auf den gemeinsamen Nenner eine bunte, laute Rapshow zu bieten, die sich nicht immer zu 100% ernst nimmt, konnten sie sich zum Gl\u00fcck einigen. Wer also Bock hat seine Kiste mal richtig sch\u00f6n zu schwingen sollte sich das n\u00e4chste Orsons Konzert nicht entgehen lassen.<\/p>\n<p><a href=\"http:\/\/www.der-vogel.net\/wp-content\/uploads\/2015\/10\/20150923_221906.jpg\"><img loading=\"lazy\" decoding=\"async\" class=\"alignnone size-medium wp-image-501\" src=\"http:\/\/www.der-vogel.net\/wp-content\/uploads\/2015\/10\/20150923_221906-300x169.jpg\" alt=\"\" width=\"300\" height=\"169\" srcset=\"http:\/\/www.der-vogel.net\/wp-content\/uploads\/2015\/10\/20150923_221906-300x169.jpg 300w, http:\/\/www.der-vogel.net\/wp-content\/uploads\/2015\/10\/20150923_221906-768x432.jpg 768w, http:\/\/www.der-vogel.net\/wp-content\/uploads\/2015\/10\/20150923_221906-1024x576.jpg 1024w, http:\/\/www.der-vogel.net\/wp-content\/uploads\/2015\/10\/20150923_221906-624x351.jpg 624w\" sizes=\"(max-width: 300px) 100vw, 300px\" \/><\/a>\u00a0<a href=\"http:\/\/www.der-vogel.net\/wp-content\/uploads\/2015\/10\/20150923_212740.jpg\"><img loading=\"lazy\" decoding=\"async\" class=\"alignnone size-medium wp-image-502\" src=\"http:\/\/www.der-vogel.net\/wp-content\/uploads\/2015\/10\/20150923_212740-300x169.jpg\" alt=\"\" width=\"300\" height=\"169\" srcset=\"http:\/\/www.der-vogel.net\/wp-content\/uploads\/2015\/10\/20150923_212740-300x169.jpg 300w, http:\/\/www.der-vogel.net\/wp-content\/uploads\/2015\/10\/20150923_212740-768x432.jpg 768w, http:\/\/www.der-vogel.net\/wp-content\/uploads\/2015\/10\/20150923_212740-1024x576.jpg 1024w, http:\/\/www.der-vogel.net\/wp-content\/uploads\/2015\/10\/20150923_212740-624x351.jpg 624w\" sizes=\"(max-width: 300px) 100vw, 300px\" \/><\/a><\/p>\n<blockquote class=\"instagram-media\" data-instgrm-captioned data-instgrm-version=\"7\" style=\" background:#FFF; border:0; border-radius:3px; box-shadow:0 0 1px 0 rgba(0,0,0,0.5),0 1px 10px 0 rgba(0,0,0,0.15); margin: 1px; max-width:625px; padding:0; width:99.375%; width:-webkit-calc(100% - 2px); width:calc(100% - 2px);\">\n<div style=\"padding:8px;\">\n<div style=\" background:#F8F8F8; line-height:0; margin-top:40px; padding:28.125% 0; text-align:center; width:100%;\">\n<div style=\" background:url(data:image\/png;base64,iVBORw0KGgoAAAANSUhEUgAAACwAAAAsCAMAAAApWqozAAAABGdBTUEAALGPC\/xhBQAAAAFzUkdCAK7OHOkAAAAMUExURczMzPf399fX1+bm5mzY9AMAAADiSURBVDjLvZXbEsMgCES5\/P8\/t9FuRVCRmU73JWlzosgSIIZURCjo\/ad+EQJJB4Hv8BFt+IDpQoCx1wjOSBFhh2XssxEIYn3ulI\/6MNReE07UIWJEv8UEOWDS88LY97kqyTliJKKtuYBbruAyVh5wOHiXmpi5we58Ek028czwyuQdLKPG1Bkb4NnM+VeAnfHqn1k4+GPT6uGQcvu2h2OVuIf\/gWUFyy8OWEpdyZSa3aVCqpVoVvzZZ2VTnn2wU8qzVjDDetO90GSy9mVLqtgYSy231MxrY6I2gGqjrTY0L8fxCxfCBbhWrsYYAAAAAElFTkSuQmCC); display:block; height:44px; margin:0 auto -44px; position:relative; top:-22px; width:44px;\"><\/div>\n<\/div>\n<p style=\" margin:8px 0 0 0; padding:0 4px;\"> <a href=\"https:\/\/www.instagram.com\/p\/7_VOvSy-35\/\" style=\" color:#000; font-family:Arial,sans-serif; font-size:14px; font-style:normal; font-weight:normal; line-height:17px; text-decoration:none; word-wrap:break-word;\" target=\"_blank\">What&#39;s goes? Alter Schwede hab ich meine Kiste geschwungen weil @dieorsons so wunderbar waren. #orsons #whatsgoes #Ventilator #konzert #tornadowarnung<\/a><\/p>\n<p style=\" color:#c9c8cd; font-family:Arial,sans-serif; font-size:14px; line-height:17px; margin-bottom:0; margin-top:8px; overflow:hidden; padding:8px 0 7px; text-align:center; text-overflow:ellipsis; white-space:nowrap;\">A post shared by Stefan Vogel (@der_vogel) on <time style=\" font-family:Arial,sans-serif; font-size:14px; line-height:17px;\" datetime=\"2015-09-23T22:16:56+00:00\">Sep 23, 2015 at 3:16pm PDT<\/time><\/p>\n<\/div>\n<\/blockquote>\n<p><script async defer src=\"\/\/platform.instagram.com\/en_US\/embeds.js\"><\/script><\/p>\n","protected":false},"excerpt":{"rendered":"<p>F\u00fcr alle die es noch nicht mitbekommen haben: Die Orsons haben ein neues Album ver\u00f6ffentlicht und es ist gro\u00dfartig. Das gute Teil h\u00f6rt auf den Namen &#8222;What&#8217;s Goes?&#8220; und seit M\u00e4rz l\u00e4uft es bei mir in der absoluten Heavy Rotation. Die Qualit\u00e4t der Platte kann man auch daran ablesen das ich beim Durchh\u00f6ren kaum Kandidaten [&hellip;]<\/p>\n","protected":false},"author":1,"featured_media":0,"comment_status":"open","ping_status":"open","sticky":false,"template":"","format":"standard","meta":{"_monsterinsights_skip_tracking":false,"_monsterinsights_sitenote_active":false,"_monsterinsights_sitenote_note":"","_monsterinsights_sitenote_category":0,"footnotes":""},"categories":[11],"tags":[99,98,117],"_links":{"self":[{"href":"http:\/\/www.der-vogel.net\/index.php?rest_route=\/wp\/v2\/posts\/497"}],"collection":[{"href":"http:\/\/www.der-vogel.net\/index.php?rest_route=\/wp\/v2\/posts"}],"about":[{"href":"http:\/\/www.der-vogel.net\/index.php?rest_route=\/wp\/v2\/types\/post"}],"author":[{"embeddable":true,"href":"http:\/\/www.der-vogel.net\/index.php?rest_route=\/wp\/v2\/users\/1"}],"replies":[{"embeddable":true,"href":"http:\/\/www.der-vogel.net\/index.php?rest_route=%2Fwp%2Fv2%2Fcomments&post=497"}],"version-history":[{"count":11,"href":"http:\/\/www.der-vogel.net\/index.php?rest_route=\/wp\/v2\/posts\/497\/revisions"}],"predecessor-version":[{"id":510,"href":"http:\/\/www.der-vogel.net\/index.php?rest_route=\/wp\/v2\/posts\/497\/revisions\/510"}],"wp:attachment":[{"href":"http:\/\/www.der-vogel.net\/index.php?rest_route=%2Fwp%2Fv2%2Fmedia&parent=497"}],"wp:term":[{"taxonomy":"category","embeddable":true,"href":"http:\/\/www.der-vogel.net\/index.php?rest_route=%2Fwp%2Fv2%2Fcategories&post=497"},{"taxonomy":"post_tag","embeddable":true,"href":"http:\/\/www.der-vogel.net\/index.php?rest_route=%2Fwp%2Fv2%2Ftags&post=497"}],"curies":[{"name":"wp","href":"https:\/\/api.w.org\/{rel}","templated":true}]}}