{"id":337,"date":"2014-10-10T22:10:23","date_gmt":"2014-10-10T22:10:23","guid":{"rendered":"http:\/\/www.der-vogel.net\/?p=337"},"modified":"2016-03-07T15:13:12","modified_gmt":"2016-03-07T15:13:12","slug":"turbostaat-hitze-verdammt","status":"publish","type":"post","link":"http:\/\/www.der-vogel.net\/?p=337","title":{"rendered":"Turbostaat: Hitze, verdammt!"},"content":{"rendered":"<p>Nun also endlich <a href=\"http:\/\/turbostaat.de\/\">Turbostaat<\/a>. Diese kleine Band aus der norddeutschen Idylle Husums statten endlich auch mal W\u00fcrzburg einen Besuch ab. Sch\u00f6nerweise\u00a0dann auch noch im Cairo, am 01.10.2014. Ein Konzert welches mich vor dem Besuch schon mit wohligem Adrenalin in meinen Adern versorgte. Die Band begleitet meine musikalische Reise schon ziemlich lange. Als ich ein paar Jahre nach der Ver\u00f6ffentlichung ihr &#8222;Vormann Leiss&#8220; Album entdeckte war ich direkt hin und weg. Der Sound ist mal laut und brachial aber nimmt sich an den richtigen Stellen auch zur\u00fcck. Bei meinen regelm\u00e4\u00dfigen Pendlerfahrten nach Berlin war sie immer ein treuer Begleiter auf den unz\u00e4hligen Autobahnkilometern und nun lerne ich sie endlich pers\u00f6nlich kennen. Was man \u00fcbrigens zu Turbostaat auf jeden Fall noch erw\u00e4hnen sollte sind ihre Texte:<\/p>\n<blockquote><p>Die letzte Spule sitzt<br \/>\nDer L\u00f6tzinn noch nicht kalt<br \/>\nIch werf die ganze Menschheit nur nach vorn<br \/>\nUm circa tausend Jahre<br \/>\nEin Wunderwerk vollbracht<br \/>\nMuss lachen<br \/>\nDas macht mir keiner nach<\/p><\/blockquote>\n<p>Das ist ein Auszug aus dem Track &#8222;Vormann Leiss&#8220; vom gleich benannten Album. Ich muss gestehen ich kann selten direkt etwas mit den Worten anfangen. Trotzdem ber\u00fchren sie mich doch immer wieder.<\/p>\n<p>Das Cairo war, wie zu erwarten, brechend voll. Schon vor dem Konzertbeginn schwitzten wir um die Wette. Der Konzertbeginn lie\u00df die Temperatur dann gef\u00fchlt nochmal um 10\u00b0C ansteigen. Nach den ersten Songs nahm ich\u00a0das Publikum nicht mehr als\u00a0einzelne Menschen war\u00a0sondern nur als\u00a0eine gro\u00dfe wabernde\u00a0schwitzende Humanmasse. Das ganze Publikum? Nein, 4-5 Chaoten hielten es f\u00fcr eine gute Idee das komplette Konzert mit nacktem Oberk\u00f6rper wild tanzend andere Besucher anzuschwitzen und zu bel\u00e4stigen. Die Band reagierte sehr emotional und bat die Vollhorsts vor dem Herrn mehrmals darum sich etwas r\u00fccksichtsvoller zu verhalten. Leider ohne Erfolg, was dazu f\u00fchrte das die Jungs dann nach ca. der H\u00e4lfte des Konzerts vor die T\u00fcr gesetzt wurden. Das gro\u00dfartige Konzerterlebnis lie\u00df ich mir dadurch aber nicht vermiesen. Das Konzert f\u00fchlte sich an wie eine lange sehr schwei\u00dftreibende Reise ohne wirklichen Halt. Also ganz \u00e4hnlich wie auch ihre Platten funktionieren. Das ist wohl auch einer gut zusammengestellten Setlist zu verdanken. Und obwohl das Konzert wirklich toll war, ein bisschen froh waren dann irgendwie schon alle als es endlich vorbei war. Den sp\u00e4testens als man die \u00dcbersicht verloren hatte ob das nun eigener oder fremder Schwei\u00df ist, der da gerade das T-Shirt durchn\u00e4sst, w\u00fcnschte ich mir ein kaltes Bad in der Nordsee herbei.<\/p>\n<div id=\"attachment_346\" style=\"width: 179px\" class=\"wp-caption alignnone\"><a href=\"http:\/\/www.der-vogel.net\/wp-content\/uploads\/2014\/10\/20141001_223258-e1457363374145.jpg\" rel=\"attachment wp-att-346\"><img loading=\"lazy\" decoding=\"async\" aria-describedby=\"caption-attachment-346\" class=\"wp-image-346 size-medium\" src=\"http:\/\/www.der-vogel.net\/wp-content\/uploads\/2014\/10\/20141001_223258-e1457363374145-169x300.jpg\" alt=\"Das wohl beste Konzertbild der Welt.\" width=\"169\" height=\"300\" srcset=\"http:\/\/www.der-vogel.net\/wp-content\/uploads\/2014\/10\/20141001_223258-e1457363374145-169x300.jpg 169w, http:\/\/www.der-vogel.net\/wp-content\/uploads\/2014\/10\/20141001_223258-e1457363374145-768x1365.jpg 768w, http:\/\/www.der-vogel.net\/wp-content\/uploads\/2014\/10\/20141001_223258-e1457363374145-576x1024.jpg 576w, http:\/\/www.der-vogel.net\/wp-content\/uploads\/2014\/10\/20141001_223258-e1457363374145-624x1109.jpg 624w, http:\/\/www.der-vogel.net\/wp-content\/uploads\/2014\/10\/20141001_223258-e1457363374145.jpg 1836w\" sizes=\"(max-width: 169px) 100vw, 169px\" \/><\/a><p id=\"caption-attachment-346\" class=\"wp-caption-text\">Das wohl beste Konzertbild der Welt. Wobei ich finde es f\u00e4ngt die Stimmung trotzdem irgendwie ein.<\/p><\/div>\n","protected":false},"excerpt":{"rendered":"<p>Nun also endlich Turbostaat. Diese kleine Band aus der norddeutschen Idylle Husums statten endlich auch mal W\u00fcrzburg einen Besuch ab. Sch\u00f6nerweise\u00a0dann auch noch im Cairo, am 01.10.2014. Ein Konzert welches mich vor dem Besuch schon mit wohligem Adrenalin in meinen Adern versorgte. Die Band begleitet meine musikalische Reise schon ziemlich lange. Als ich ein paar [&hellip;]<\/p>\n","protected":false},"author":1,"featured_media":0,"comment_status":"open","ping_status":"open","sticky":false,"template":"","format":"standard","meta":{"_monsterinsights_skip_tracking":false,"_monsterinsights_sitenote_active":false,"_monsterinsights_sitenote_note":"","_monsterinsights_sitenote_category":0,"footnotes":""},"categories":[11],"tags":[72,81,27],"_links":{"self":[{"href":"http:\/\/www.der-vogel.net\/index.php?rest_route=\/wp\/v2\/posts\/337"}],"collection":[{"href":"http:\/\/www.der-vogel.net\/index.php?rest_route=\/wp\/v2\/posts"}],"about":[{"href":"http:\/\/www.der-vogel.net\/index.php?rest_route=\/wp\/v2\/types\/post"}],"author":[{"embeddable":true,"href":"http:\/\/www.der-vogel.net\/index.php?rest_route=\/wp\/v2\/users\/1"}],"replies":[{"embeddable":true,"href":"http:\/\/www.der-vogel.net\/index.php?rest_route=%2Fwp%2Fv2%2Fcomments&post=337"}],"version-history":[{"count":8,"href":"http:\/\/www.der-vogel.net\/index.php?rest_route=\/wp\/v2\/posts\/337\/revisions"}],"predecessor-version":[{"id":349,"href":"http:\/\/www.der-vogel.net\/index.php?rest_route=\/wp\/v2\/posts\/337\/revisions\/349"}],"wp:attachment":[{"href":"http:\/\/www.der-vogel.net\/index.php?rest_route=%2Fwp%2Fv2%2Fmedia&parent=337"}],"wp:term":[{"taxonomy":"category","embeddable":true,"href":"http:\/\/www.der-vogel.net\/index.php?rest_route=%2Fwp%2Fv2%2Fcategories&post=337"},{"taxonomy":"post_tag","embeddable":true,"href":"http:\/\/www.der-vogel.net\/index.php?rest_route=%2Fwp%2Fv2%2Ftags&post=337"}],"curies":[{"name":"wp","href":"https:\/\/api.w.org\/{rel}","templated":true}]}}