{"id":233,"date":"2013-09-27T18:54:20","date_gmt":"2013-09-27T18:54:20","guid":{"rendered":"http:\/\/www.der-vogel.net\/?p=233"},"modified":"2014-03-16T15:02:37","modified_gmt":"2014-03-16T15:02:37","slug":"frank-turner-puenktlich-zum-hoehepunkt","status":"publish","type":"post","link":"http:\/\/www.der-vogel.net\/?p=233","title":{"rendered":"Frank Turner: P\u00fcnktlich zum H\u00f6hepunkt"},"content":{"rendered":"<p>Am 19.09.2013 stand ich mal wieder vor dem LKA Longhorn in Stuttgart. Ich war aufgeregt und hatte Huckepack eine gro\u00dfe Portion Erwartung. Mein erstes <a title=\"Frank Turner Homepage\" href=\"http:\/\/frank-turner.com\/\">Frank Turner<\/a> Konzert stand an. Durch die\u00a0diversen Alben und Kollaborationen des Hr. Turner war ich wirklich sehr gespannt auf das Konzert. So richtig verliebt habe ich mich erst mit dem Mr. Brightside Cover aus dem NME B\u00fcro.<\/p>\n<p><iframe loading=\"lazy\" width=\"625\" height=\"352\" src=\"http:\/\/www.youtube.com\/embed\/LzBAnrLe3Lk?feature=oembed\" frameborder=\"0\" allowfullscreen><\/iframe><\/p>\n<p>Danach habe ich mich dann durch den kompletten Backkatalog gew\u00fchlt. Als dann auch noch sein Album &#8222;Tape Deck Heart&#8220; erschien war es komplett um mich geschehen. Der sympathische Brite schafft es mit relativ zur\u00fcckgenommener Instrumentierung und tollen Texten sehr intime aber kraftvolle Songs zu erschaffen. Wie so oft hat das Ganze nat\u00fcrlich live eine ganz andere Energie. Zusammen mit seiner Band &#8222;The Sleeping Souls&#8220; werden die Songs lauter und rockiger interpretiert. Es gibt w\u00e4hrend dem gesamten Konzert nur zwei leisere Performances. Bei einem davon spielt Frank Turner sogar wieder selbst Gitarre. Das ist auf dieser Tour n\u00e4mlich eine Rarit\u00e4t. Er leidet unter einem ziemlich fiesen R\u00fcckenleiden und der Arzt hat ihm gitarrieren eigentlich komplett verboten. Auf der B\u00fchne steckt er sogar in einer Art Orthese. Diese ist definitiv eine gute Idee, denn trotz schmerzendem R\u00fccken springt und h\u00fcpft er auf der B\u00fchne als g\u00e4be es kein Morgen mehr. Unter Anderem ist Frank Turner auch relativ aktiv auf <a title=\"Twitter Frank Turner\" href=\"https:\/\/twitter.com\/frankturner\">Twitter<\/a>\u00a0und bietet da einen gro\u00dfartigen &#8222;Service&#8220; an, den ich gerne von jedem K\u00fcnstler dieser Welt h\u00e4tte. Er k\u00fcndigt immer rechtzeitig vor dem Konzert den Beginn des Konzerts sowie die Stagetimes der Vorbands an.<\/p>\n<blockquote class=\"twitter-tweet\" width=\"550\">\n<p>Good morning Stuttgart! Longhorn tonight. Doors at 7, Ghost Of A Chance at 8, then <a href=\"https:\/\/twitter.com\/luceromusic\">@luceromusic<\/a> then me and <a href=\"https:\/\/twitter.com\/_sleepingsouls\">@_sleepingsouls<\/a> at 9.30.<\/p>\n<p>&mdash; Frank Turner (@frankturner) <a href=\"https:\/\/twitter.com\/frankturner\/statuses\/380608108101242880\">September 19, 2013<\/a><\/p><\/blockquote>\n<p><script async src=\"\/\/platform.twitter.com\/widgets.js\" charset=\"utf-8\"><\/script><\/p>\n<p>Ich wei\u00df nicht warum, aber die Zeiten wann ein Konzert beginnt sind teilweise so zuverl\u00e4ssig wie die Deutsche Bahn und da ist man \u00fcber so eine verl\u00e4ssliche Aussage wirklich dankbar wenn man eine etwas weitere Anreise vor sich hat. Auf jeden Fall hat es Frank Turner mit diesem Konzert in meine All Time Top 10 konzerttechnisch geschafft. Auch hier kann ich es nicht erwarten bis wieder neues Material erscheint und ich mir auf der n\u00e4chsten Tour wieder absolut p\u00fcnktlich die Stimme aus dem Leib singen kann.<\/p>\n<p><a href=\"http:\/\/www.der-vogel.net\/wp-content\/uploads\/2013\/09\/IMG_20130919_221849.jpg\"><img loading=\"lazy\" decoding=\"async\" class=\"alignnone size-medium wp-image-239\" alt=\"IMG_20130919_221849\" src=\"http:\/\/www.der-vogel.net\/wp-content\/uploads\/2013\/09\/IMG_20130919_221849-300x225.jpg\" width=\"300\" height=\"225\" srcset=\"http:\/\/www.der-vogel.net\/wp-content\/uploads\/2013\/09\/IMG_20130919_221849-300x225.jpg 300w, http:\/\/www.der-vogel.net\/wp-content\/uploads\/2013\/09\/IMG_20130919_221849-1024x768.jpg 1024w, http:\/\/www.der-vogel.net\/wp-content\/uploads\/2013\/09\/IMG_20130919_221849-624x468.jpg 624w\" sizes=\"(max-width: 300px) 100vw, 300px\" \/><\/a>\u00a0<a href=\"http:\/\/www.der-vogel.net\/wp-content\/uploads\/2013\/09\/IMG_20130919_224048.jpg\"><img loading=\"lazy\" decoding=\"async\" class=\"alignnone size-medium wp-image-240\" alt=\"IMG_20130919_224048\" src=\"http:\/\/www.der-vogel.net\/wp-content\/uploads\/2013\/09\/IMG_20130919_224048-300x225.jpg\" width=\"300\" height=\"225\" srcset=\"http:\/\/www.der-vogel.net\/wp-content\/uploads\/2013\/09\/IMG_20130919_224048-300x225.jpg 300w, http:\/\/www.der-vogel.net\/wp-content\/uploads\/2013\/09\/IMG_20130919_224048-1024x768.jpg 1024w, http:\/\/www.der-vogel.net\/wp-content\/uploads\/2013\/09\/IMG_20130919_224048-624x468.jpg 624w\" sizes=\"(max-width: 300px) 100vw, 300px\" \/><\/a><\/p>\n","protected":false},"excerpt":{"rendered":"<p>Am 19.09.2013 stand ich mal wieder vor dem LKA Longhorn in Stuttgart. Ich war aufgeregt und hatte Huckepack eine gro\u00dfe Portion Erwartung. Mein erstes Frank Turner Konzert stand an. Durch die\u00a0diversen Alben und Kollaborationen des Hr. Turner war ich wirklich sehr gespannt auf das Konzert. So richtig verliebt habe ich mich erst mit dem Mr. [&hellip;]<\/p>\n","protected":false},"author":1,"featured_media":0,"comment_status":"open","ping_status":"open","sticky":false,"template":"","format":"standard","meta":{"_monsterinsights_skip_tracking":false,"_monsterinsights_sitenote_active":false,"_monsterinsights_sitenote_note":"","_monsterinsights_sitenote_category":0,"footnotes":""},"categories":[11],"tags":[62,23,24],"_links":{"self":[{"href":"http:\/\/www.der-vogel.net\/index.php?rest_route=\/wp\/v2\/posts\/233"}],"collection":[{"href":"http:\/\/www.der-vogel.net\/index.php?rest_route=\/wp\/v2\/posts"}],"about":[{"href":"http:\/\/www.der-vogel.net\/index.php?rest_route=\/wp\/v2\/types\/post"}],"author":[{"embeddable":true,"href":"http:\/\/www.der-vogel.net\/index.php?rest_route=\/wp\/v2\/users\/1"}],"replies":[{"embeddable":true,"href":"http:\/\/www.der-vogel.net\/index.php?rest_route=%2Fwp%2Fv2%2Fcomments&post=233"}],"version-history":[{"count":3,"href":"http:\/\/www.der-vogel.net\/index.php?rest_route=\/wp\/v2\/posts\/233\/revisions"}],"predecessor-version":[{"id":241,"href":"http:\/\/www.der-vogel.net\/index.php?rest_route=\/wp\/v2\/posts\/233\/revisions\/241"}],"wp:attachment":[{"href":"http:\/\/www.der-vogel.net\/index.php?rest_route=%2Fwp%2Fv2%2Fmedia&parent=233"}],"wp:term":[{"taxonomy":"category","embeddable":true,"href":"http:\/\/www.der-vogel.net\/index.php?rest_route=%2Fwp%2Fv2%2Fcategories&post=233"},{"taxonomy":"post_tag","embeddable":true,"href":"http:\/\/www.der-vogel.net\/index.php?rest_route=%2Fwp%2Fv2%2Ftags&post=233"}],"curies":[{"name":"wp","href":"https:\/\/api.w.org\/{rel}","templated":true}]}}