{"id":175,"date":"2013-06-17T20:28:58","date_gmt":"2013-06-17T20:28:58","guid":{"rendered":"http:\/\/www.der-vogel.net\/?p=175"},"modified":"2013-06-17T20:29:23","modified_gmt":"2013-06-17T20:29:23","slug":"das-umsonst-draussen-fur-den-vorgarten","status":"publish","type":"post","link":"http:\/\/www.der-vogel.net\/?p=175","title":{"rendered":"Das Umsonst &#038; Draussen f\u00fcr den Vorgarten"},"content":{"rendered":"<p>Wolltet ihr schon immer mal ein St\u00fcck des <a title=\"Umsonst &amp; Draussen\" href=\"http:\/\/udwue.de\">Umsonst &amp; Draussen Festivals<\/a> bei euch im Vorgarten oder in der Wohnung stehen haben? Ein <a href=\"https:\/\/twitter.com\/gpsloco\">Tilman<\/a>\u00a0war euch aber immer zu pflegeintensiv? Das Drinnen-Zelt passt nicht ins Wohnzimmer? Das Jahr 2013 hat f\u00fcr euch die L\u00f6sung!<\/p>\n<p><a href=\"http:\/\/www.der-vogel.net\/wp-content\/uploads\/2013\/06\/1371490383484.jpg\"><img loading=\"lazy\" decoding=\"async\" class=\"alignnone size-medium wp-image-176\" alt=\"1371490383484\" src=\"http:\/\/www.der-vogel.net\/wp-content\/uploads\/2013\/06\/1371490383484-300x224.jpg\" width=\"300\" height=\"224\" srcset=\"http:\/\/www.der-vogel.net\/wp-content\/uploads\/2013\/06\/1371490383484-300x224.jpg 300w, http:\/\/www.der-vogel.net\/wp-content\/uploads\/2013\/06\/1371490383484-624x467.jpg 624w, http:\/\/www.der-vogel.net\/wp-content\/uploads\/2013\/06\/1371490383484.jpg 1024w\" sizes=\"(max-width: 300px) 100vw, 300px\" \/><\/a><\/p>\n<p>Im Rahmen des diesj\u00e4hrigen Umsonst &amp; Draussen Festivals wurden von 11 ausgesuchten K\u00fcnstlern 11 Gartenzwergunikate erschaffen. Ob nun Hartmut, der t\u00e4towierte Skater dessen Liaison mit Schneewittchen leider ein abruptes Ende fand oder Jimi den man einfach aufklappen und mit dem eingebauten Verst\u00e4rker ein eigenes U&amp;D auf der E-Ukulele geben kann. Nicht zu vergessen Horst, der bei entsprechender Luftversorgung durch den Allerwertesten einen Seifenblasentornado entfachen kann. Diese gro\u00dfartigen Zwerge prostituieren sich auf ehrenwerte Weise und verkaufen ihren K\u00f6rper f\u00fcr das U&amp;D. Wer Gefallen an einem der Knirpse bekommen hat kann diese auf dem U&amp;D zu einem Festpreis erstehen. Es gibt aber auch die M\u00f6glichkeit ein Gebot abzugeben. Falls nach 4 Tagen Festival der Knirps immer noch keine neue Unterkunft gefunden haben sollte darf sich das h\u00f6chste Gebot \u00fcber Familienzuwachs freuen.<\/p>\n<p>Mein Favorit ist nat\u00fcrlich Jimi der E-Ukulelen-Zwerg. Er w\u00fcrde ja perfekt ins Vogelnest passen&#8230;..<\/p>\n<p>&nbsp;<\/p>\n","protected":false},"excerpt":{"rendered":"<p>Wolltet ihr schon immer mal ein St\u00fcck des Umsonst &amp; Draussen Festivals bei euch im Vorgarten oder in der Wohnung stehen haben? Ein Tilman\u00a0war euch aber immer zu pflegeintensiv? Das Drinnen-Zelt passt nicht ins Wohnzimmer? Das Jahr 2013 hat f\u00fcr euch die L\u00f6sung! Im Rahmen des diesj\u00e4hrigen Umsonst &amp; Draussen Festivals wurden von 11 ausgesuchten [&hellip;]<\/p>\n","protected":false},"author":1,"featured_media":0,"comment_status":"open","ping_status":"open","sticky":false,"template":"","format":"standard","meta":{"_monsterinsights_skip_tracking":false,"_monsterinsights_sitenote_active":false,"_monsterinsights_sitenote_note":"","_monsterinsights_sitenote_category":0,"footnotes":""},"categories":[11],"tags":[12,27],"_links":{"self":[{"href":"http:\/\/www.der-vogel.net\/index.php?rest_route=\/wp\/v2\/posts\/175"}],"collection":[{"href":"http:\/\/www.der-vogel.net\/index.php?rest_route=\/wp\/v2\/posts"}],"about":[{"href":"http:\/\/www.der-vogel.net\/index.php?rest_route=\/wp\/v2\/types\/post"}],"author":[{"embeddable":true,"href":"http:\/\/www.der-vogel.net\/index.php?rest_route=\/wp\/v2\/users\/1"}],"replies":[{"embeddable":true,"href":"http:\/\/www.der-vogel.net\/index.php?rest_route=%2Fwp%2Fv2%2Fcomments&post=175"}],"version-history":[{"count":3,"href":"http:\/\/www.der-vogel.net\/index.php?rest_route=\/wp\/v2\/posts\/175\/revisions"}],"predecessor-version":[{"id":179,"href":"http:\/\/www.der-vogel.net\/index.php?rest_route=\/wp\/v2\/posts\/175\/revisions\/179"}],"wp:attachment":[{"href":"http:\/\/www.der-vogel.net\/index.php?rest_route=%2Fwp%2Fv2%2Fmedia&parent=175"}],"wp:term":[{"taxonomy":"category","embeddable":true,"href":"http:\/\/www.der-vogel.net\/index.php?rest_route=%2Fwp%2Fv2%2Fcategories&post=175"},{"taxonomy":"post_tag","embeddable":true,"href":"http:\/\/www.der-vogel.net\/index.php?rest_route=%2Fwp%2Fv2%2Ftags&post=175"}],"curies":[{"name":"wp","href":"https:\/\/api.w.org\/{rel}","templated":true}]}}