{"id":159,"date":"2012-10-28T15:00:41","date_gmt":"2012-10-28T15:00:41","guid":{"rendered":"http:\/\/www.der-vogel.net\/?p=159"},"modified":"2013-06-09T15:34:24","modified_gmt":"2013-06-09T15:34:24","slug":"all-hail-to-the-d","status":"publish","type":"post","link":"http:\/\/www.der-vogel.net\/?p=159","title":{"rendered":"All Hail to the D."},"content":{"rendered":"<p>Was lange w\u00e4hrt wird endlich gut. Selten passte ein Satz besser als auf die lange Leidensgeschichte der deutschen Tenacious D. Fans. Es gab Petitionen, Aufrufe in sozialen Netzwerken usw. Doch The D. kamen einfach nicht auf Deutschlandtournee. Doch nun war es endlich soweit, nach fast 10 Jahren Wartezeit kamen die Kings of Rock auch nach Deutschland. Und ich war dabei. Ein erhebendes Gef\u00fchl durchstr\u00f6mte meinen K\u00f6rper als ich am 15.10. durch die Tore der Jahrhunderthalle zu Frankfurt schritt. Hier sollte es also nun enden? Hier sollte die jahrelange Askese in einem fulminanten Rockorgasmus gipfeln? In dieser Halle in der ich bisher nur Dr. Eckart von Hirschhausen beiwohnte (ich m\u00f6chte nicht dar\u00fcber sprechen)? Die Antwort lautete: Ja.<\/p>\n<p>Leider ist das Konzert in meinem Ged\u00e4chtnis nur noch ein verschwommener Film. Verwaschen durch Unmengen an Freudentr\u00e4nen, Schwei\u00df und Bier. Fl\u00fcssigkeiten die aus meinem K\u00f6rper unkontrolliert heraus oder hinein traten. Vorband? Ich glaube ja. Das Konzert auf jeden Fall war gro\u00dfartig. Die B\u00fchne dekoriert mit einem riesigen aufblasbaren Peni.. \u00e4h Phoenix. Jack Black und Kyle Gass in absoluter H\u00f6chstform. Es wird gerockt, geschauspielert und John Konesky zeigt das er ein Meister seines Gitarrenfachs ist. Doch diese Geschichte endet nicht hier. Sie wird weitergehen, und wenn Tenacious D das n\u00e4chste Mal in Deutschland tourt, werde ich wieder da sein, meine H\u00e4nde zu 2 Pommesgabeln formen und singen: This is not the best concert in the world. This is just a tribute.<\/p>\n<p>Die Qualit\u00e4t der Bilder mag zu w\u00fcnschen \u00fcbrig lassen, aber f\u00fcr dieses Konzert wird in der Kathedrale meines Herzens immer eine Kerze brennen.<\/p>\n<p><a href=\"http:\/\/www.der-vogel.net\/wp-content\/uploads\/2012\/10\/IMG_20121015_214323.jpg\"><img loading=\"lazy\" decoding=\"async\" class=\"alignnone size-medium wp-image-165\" alt=\"IMG_20121015_214323\" src=\"http:\/\/www.der-vogel.net\/wp-content\/uploads\/2012\/10\/IMG_20121015_214323-300x225.jpg\" width=\"300\" height=\"225\" srcset=\"http:\/\/www.der-vogel.net\/wp-content\/uploads\/2012\/10\/IMG_20121015_214323-300x225.jpg 300w, http:\/\/www.der-vogel.net\/wp-content\/uploads\/2012\/10\/IMG_20121015_214323-1024x768.jpg 1024w, http:\/\/www.der-vogel.net\/wp-content\/uploads\/2012\/10\/IMG_20121015_214323-624x468.jpg 624w\" sizes=\"(max-width: 300px) 100vw, 300px\" \/><\/a>\u00a0 <a href=\"http:\/\/www.der-vogel.net\/wp-content\/uploads\/2012\/10\/IMG_20121015_215244.jpg\"><img loading=\"lazy\" decoding=\"async\" class=\"alignnone size-medium wp-image-164\" alt=\"IMG_20121015_215244\" src=\"http:\/\/www.der-vogel.net\/wp-content\/uploads\/2012\/10\/IMG_20121015_215244-300x225.jpg\" width=\"300\" height=\"225\" srcset=\"http:\/\/www.der-vogel.net\/wp-content\/uploads\/2012\/10\/IMG_20121015_215244-300x225.jpg 300w, http:\/\/www.der-vogel.net\/wp-content\/uploads\/2012\/10\/IMG_20121015_215244-1024x768.jpg 1024w, http:\/\/www.der-vogel.net\/wp-content\/uploads\/2012\/10\/IMG_20121015_215244-624x468.jpg 624w\" sizes=\"(max-width: 300px) 100vw, 300px\" \/><\/a> <a href=\"http:\/\/www.der-vogel.net\/wp-content\/uploads\/2012\/10\/IMG_20121015_214340.jpg\"><img loading=\"lazy\" decoding=\"async\" class=\"alignnone size-medium wp-image-163\" alt=\"IMG_20121015_214340\" src=\"http:\/\/www.der-vogel.net\/wp-content\/uploads\/2012\/10\/IMG_20121015_214340-300x225.jpg\" width=\"300\" height=\"225\" srcset=\"http:\/\/www.der-vogel.net\/wp-content\/uploads\/2012\/10\/IMG_20121015_214340-300x225.jpg 300w, http:\/\/www.der-vogel.net\/wp-content\/uploads\/2012\/10\/IMG_20121015_214340-1024x768.jpg 1024w, http:\/\/www.der-vogel.net\/wp-content\/uploads\/2012\/10\/IMG_20121015_214340-624x468.jpg 624w\" sizes=\"(max-width: 300px) 100vw, 300px\" \/><\/a><\/p>\n<dl class=\"wp-caption alignnone\" id=\"attachment_164\" style=\"width: 310px;\">\n<dt class=\"wp-caption-dt\"><\/dt>\n<\/dl>\n","protected":false},"excerpt":{"rendered":"<p>Was lange w\u00e4hrt wird endlich gut. Selten passte ein Satz besser als auf die lange Leidensgeschichte der deutschen Tenacious D. Fans. Es gab Petitionen, Aufrufe in sozialen Netzwerken usw. Doch The D. kamen einfach nicht auf Deutschlandtournee. Doch nun war es endlich soweit, nach fast 10 Jahren Wartezeit kamen die Kings of Rock auch nach [&hellip;]<\/p>\n","protected":false},"author":1,"featured_media":0,"comment_status":"open","ping_status":"open","sticky":false,"template":"","format":"standard","meta":{"_monsterinsights_skip_tracking":false,"_monsterinsights_sitenote_active":false,"_monsterinsights_sitenote_note":"","_monsterinsights_sitenote_category":0,"footnotes":""},"categories":[11],"tags":[52,53,51],"_links":{"self":[{"href":"http:\/\/www.der-vogel.net\/index.php?rest_route=\/wp\/v2\/posts\/159"}],"collection":[{"href":"http:\/\/www.der-vogel.net\/index.php?rest_route=\/wp\/v2\/posts"}],"about":[{"href":"http:\/\/www.der-vogel.net\/index.php?rest_route=\/wp\/v2\/types\/post"}],"author":[{"embeddable":true,"href":"http:\/\/www.der-vogel.net\/index.php?rest_route=\/wp\/v2\/users\/1"}],"replies":[{"embeddable":true,"href":"http:\/\/www.der-vogel.net\/index.php?rest_route=%2Fwp%2Fv2%2Fcomments&post=159"}],"version-history":[{"count":4,"href":"http:\/\/www.der-vogel.net\/index.php?rest_route=\/wp\/v2\/posts\/159\/revisions"}],"predecessor-version":[{"id":167,"href":"http:\/\/www.der-vogel.net\/index.php?rest_route=\/wp\/v2\/posts\/159\/revisions\/167"}],"wp:attachment":[{"href":"http:\/\/www.der-vogel.net\/index.php?rest_route=%2Fwp%2Fv2%2Fmedia&parent=159"}],"wp:term":[{"taxonomy":"category","embeddable":true,"href":"http:\/\/www.der-vogel.net\/index.php?rest_route=%2Fwp%2Fv2%2Fcategories&post=159"},{"taxonomy":"post_tag","embeddable":true,"href":"http:\/\/www.der-vogel.net\/index.php?rest_route=%2Fwp%2Fv2%2Ftags&post=159"}],"curies":[{"name":"wp","href":"https:\/\/api.w.org\/{rel}","templated":true}]}}