{"id":144,"date":"2012-10-25T15:12:39","date_gmt":"2012-10-25T15:12:39","guid":{"rendered":"http:\/\/www.der-vogel.net\/?p=144"},"modified":"2013-02-09T15:28:12","modified_gmt":"2013-02-09T15:28:12","slug":"mit-k-wie-krossartig-kraft-zum-klub","status":"publish","type":"post","link":"http:\/\/www.der-vogel.net\/?p=144","title":{"rendered":"Mit K wie Krossartig. Kraft zum Klub"},"content":{"rendered":"<p>Nach dem wirklich sehr sehr geilen Auftritt auf dem Taubertal Festival war klar das ich die Jungs von Kraftklub nochmal auf ihrer Tour sehen muss. Vor gar nicht all zu langer Zeit waren sie schon einmal in W\u00fcrzburg und bespielten das kuschlige Cafe Cairo. Da waren die bekennenden Karl-Marx-St\u00e4dter mir aber noch kein Begriff so dass ich diese Gelegenheit auslie\u00df. Au\u00dferdem war an diesem Abend die &#8222;My favourite Tracks&#8220;-Show mit Tilman Hampl. Zum Gl\u00fcck musste ich diese Entscheidung nicht treffen. Netterweise hie\u00df ein Tourstop aber nun W\u00fcrzburg Posthalle. Das Datum zum Konzert war der 13.10.2012. Zum ersten Mal erlebte ich auch wie die gesamte Posthalle genutzt wurde und der Platz wurde auch ben\u00f6tigt. Die Halle sah ziemlich ausverkauft aus. Das Konzert war gut. Komischerweise aber nicht so intensiv wie auf dem Taubertal Festival was mich wundert da Auftritte auf Festivals ja meistens &#8222;anonymer&#8220; sind. Nichtsdestotrotzdem war es ein toller Abend. Die Mischung aus Punkrock und Hip Hop ist halt absolut mein Ding. G\u00e4be es die Musikrichtung &#8222;Crossover&#8220; noch nicht, ich h\u00e4tte sie erfunden. Die Setlist beinhaltete nat\u00fcrlich fast ausschlie\u00dflich Songs von &#8222;Mit K&#8220; mangels weiterem Repertoire. Der bekannteste Song der fr\u00fcheren EPs d\u00fcrfte wahrscheinlich &#8222;Randale&#8220; sein welcher auch zu entsprechendem RRRRIIIOOOOTTTT im Publikum f\u00fchrte. In bin vor allem gespannt wo die Reise dieser Band hingeht. Das 1. Album war richtig hei\u00dfer Schei\u00df. Da hei\u00dft es nun Nachlegen.<\/p>\n<p>Fotos des Abends gibt es leider keine da ich nur Augen f\u00fcr meine entz\u00fcckende Begleitung hatte.<\/p>\n","protected":false},"excerpt":{"rendered":"<p>Nach dem wirklich sehr sehr geilen Auftritt auf dem Taubertal Festival war klar das ich die Jungs von Kraftklub nochmal auf ihrer Tour sehen muss. Vor gar nicht all zu langer Zeit waren sie schon einmal in W\u00fcrzburg und bespielten das kuschlige Cafe Cairo. Da waren die bekennenden Karl-Marx-St\u00e4dter mir aber noch kein Begriff so [&hellip;]<\/p>\n","protected":false},"author":1,"featured_media":0,"comment_status":"open","ping_status":"open","sticky":false,"template":"","format":"standard","meta":{"_monsterinsights_skip_tracking":false,"_monsterinsights_sitenote_active":false,"_monsterinsights_sitenote_note":"","_monsterinsights_sitenote_category":0,"footnotes":""},"categories":[11],"tags":[40,26],"_links":{"self":[{"href":"http:\/\/www.der-vogel.net\/index.php?rest_route=\/wp\/v2\/posts\/144"}],"collection":[{"href":"http:\/\/www.der-vogel.net\/index.php?rest_route=\/wp\/v2\/posts"}],"about":[{"href":"http:\/\/www.der-vogel.net\/index.php?rest_route=\/wp\/v2\/types\/post"}],"author":[{"embeddable":true,"href":"http:\/\/www.der-vogel.net\/index.php?rest_route=\/wp\/v2\/users\/1"}],"replies":[{"embeddable":true,"href":"http:\/\/www.der-vogel.net\/index.php?rest_route=%2Fwp%2Fv2%2Fcomments&post=144"}],"version-history":[{"count":4,"href":"http:\/\/www.der-vogel.net\/index.php?rest_route=\/wp\/v2\/posts\/144\/revisions"}],"predecessor-version":[{"id":149,"href":"http:\/\/www.der-vogel.net\/index.php?rest_route=\/wp\/v2\/posts\/144\/revisions\/149"}],"wp:attachment":[{"href":"http:\/\/www.der-vogel.net\/index.php?rest_route=%2Fwp%2Fv2%2Fmedia&parent=144"}],"wp:term":[{"taxonomy":"category","embeddable":true,"href":"http:\/\/www.der-vogel.net\/index.php?rest_route=%2Fwp%2Fv2%2Fcategories&post=144"},{"taxonomy":"post_tag","embeddable":true,"href":"http:\/\/www.der-vogel.net\/index.php?rest_route=%2Fwp%2Fv2%2Ftags&post=144"}],"curies":[{"name":"wp","href":"https:\/\/api.w.org\/{rel}","templated":true}]}}